{"id":18,"date":"2011-09-23T10:06:33","date_gmt":"2011-09-23T10:06:33","guid":{"rendered":"http:\/\/honza.paws.cz\/?p=18"},"modified":"2013-01-24T18:47:29","modified_gmt":"2013-01-24T18:47:29","slug":"brdska-liga-na-valse","status":"publish","type":"post","link":"http:\/\/honza.paws.cz\/?p=18","title":{"rendered":"Brdsk\u00e1 liga na Val\u0161e"},"content":{"rendered":"<p>Kornatice po\u0159\u00e1daly jedno z kol BL ve spolupr\u00e1ci s SDH Nezv\u011bstice, kter\u00e9 se vyda\u0159ilo. Nemohly v\u0161ak b\u00fdt posouzeny z hlediska sportovn\u00edho, neb se letos \u017e\u00e1dn\u00e9ho z\u00e1vodu nez\u00fa\u010dastnily. Nev\u00e1hali jsme s bratrem p\u0159isl\u00edbit v\u00fdpomoc na fin\u00e1lov\u00e9 kolo BL. Byli jsme v o\u010dek\u00e1v\u00e1n\u00ed rozep\u0159\u00ed s rozhod\u010d\u00edmi, kter\u00fdm jsme byli sv\u011bdky na posledn\u00edch kolech. P\u0159edstavy to byly lich\u00e9, pod dohledem koment\u00e1tora Vildy Tr\u010dky prob\u011bhl z\u00e1vod bez nutnosti sout\u011b\u017e\u00edc\u00edch do\u017eadovat se dodr\u017eov\u00e1n\u00ed pravidel. Do vy\u0159azov\u00e1ku jsme postoupili s t\u0159et\u00edm nejlep\u0161\u00edm \u010dasem z\u00e1kladn\u00edho kola, abychom se st\u0159etli pr\u00e1v\u011b s Nezv\u011bstick\u00fdmi. T\u011bm se letos neda\u0159\u00ed podle jejich p\u0159edstav a tentokr\u00e1t ani nenamo\u010dili hadice kv\u016fli chyb\u011b na ko\u0161i. Jistota \u010dtvrt\u00e9ho m\u00edsta je ji\u017e sama o sob\u011b dobr\u00fdm v\u00fdsledkem, p\u0159esto jsme postoupili v dal\u0161\u00edm kole p\u0159es m\u00edstn\u00ed Namnice, d\u00edky jejich prost\u0159iku, a\u017e do fin\u00e1le, kde jsme se st\u0159etli s extraligov\u00fdm dru\u017estvem Bezd\u011bkova p. T. Nikdo z n\u00e1s nev\u011b\u0159il, \u017ee bychom mohli konkurovat jejich v\u00fdkon\u016fm, ale pak \u010dasom\u00edra zobrazila na\u0161i prohru o pouh\u00e9 dv\u011b setiny sekundy v \u010dase 14,97, \u010demu\u017e v\u011b\u0159\u00edme je\u0161t\u011b m\u00e9n\u011b. P\u0159esto, \u017ee \u010dasom\u011b\u0159i\u010d dokl\u00e1d\u00e1 je\u0161t\u011b v\u00fdsledek ze z\u00e1lo\u017en\u00ed \u010dasom\u00edry, je malou z\u00e1hadou, jak bychom se mohli zlep\u0161it o sekundu na konci cel\u00e9ho sout\u011b\u017en\u00edho dne.<\/p>\n","protected":false},"excerpt":{"rendered":"<p>Kornatice po\u0159\u00e1daly jedno z kol BL ve spolupr\u00e1ci s SDH Nezv\u011bstice, kter\u00e9 se vyda\u0159ilo. Nemohly v\u0161ak b\u00fdt posouzeny z hlediska sportovn\u00edho, neb se letos \u017e\u00e1dn\u00e9ho z\u00e1vodu nez\u00fa\u010dastnily. Nev\u00e1hali jsme s bratrem p\u0159isl\u00edbit v\u00fdpomoc na fin\u00e1lov\u00e9 kolo BL. Byli jsme v o\u010dek\u00e1v\u00e1n\u00ed rozep\u0159\u00ed s rozhod\u010d\u00edmi, kter\u00fdm jsme byli sv\u011bdky na posledn\u00edch kolech. P\u0159edstavy to byly lich\u00e9, [&hellip;]<\/p>\n","protected":false},"author":1,"featured_media":0,"comment_status":"open","ping_status":"open","sticky":false,"template":"","format":"standard","meta":[],"categories":[2],"tags":[],"_links":{"self":[{"href":"http:\/\/honza.paws.cz\/index.php?rest_route=\/wp\/v2\/posts\/18"}],"collection":[{"href":"http:\/\/honza.paws.cz\/index.php?rest_route=\/wp\/v2\/posts"}],"about":[{"href":"http:\/\/honza.paws.cz\/index.php?rest_route=\/wp\/v2\/types\/post"}],"author":[{"embeddable":true,"href":"http:\/\/honza.paws.cz\/index.php?rest_route=\/wp\/v2\/users\/1"}],"replies":[{"embeddable":true,"href":"http:\/\/honza.paws.cz\/index.php?rest_route=%2Fwp%2Fv2%2Fcomments&post=18"}],"version-history":[{"count":1,"href":"http:\/\/honza.paws.cz\/index.php?rest_route=\/wp\/v2\/posts\/18\/revisions"}],"predecessor-version":[{"id":19,"href":"http:\/\/honza.paws.cz\/index.php?rest_route=\/wp\/v2\/posts\/18\/revisions\/19"}],"wp:attachment":[{"href":"http:\/\/honza.paws.cz\/index.php?rest_route=%2Fwp%2Fv2%2Fmedia&parent=18"}],"wp:term":[{"taxonomy":"category","embeddable":true,"href":"http:\/\/honza.paws.cz\/index.php?rest_route=%2Fwp%2Fv2%2Fcategories&post=18"},{"taxonomy":"post_tag","embeddable":true,"href":"http:\/\/honza.paws.cz\/index.php?rest_route=%2Fwp%2Fv2%2Ftags&post=18"}],"curies":[{"name":"wp","href":"https:\/\/api.w.org\/{rel}","templated":true}]}}